{"id":264,"date":"2020-12-07T18:45:00","date_gmt":"2020-12-07T17:45:00","guid":{"rendered":"https:\/\/scribes-et-dragons.fr\/?p=264"},"modified":"2021-03-29T12:09:33","modified_gmt":"2021-03-29T10:09:33","slug":"archetype-alarian-barbare-traqueurs-blancs","status":"publish","type":"post","link":"https:\/\/scribes-et-dragons.fr\/index.php\/2020\/12\/07\/archetype-alarian-barbare-traqueurs-blancs\/","title":{"rendered":"Les Traqueurs Blancs du Norven"},"content":{"rendered":"\n<p class=\"has-small-font-size\">Publication initiale le 25 septembre 2020.<\/p>\n\n\n\n<p>Le suppl\u00e9ment suivant est un nouvel arch\u00e9type de classe pour le barbare. Il s&rsquo;inscrit dans le cadre du projet plus large <em>Aventuriers d&rsquo;Alarian<\/em>.<\/p>\n\n\n\n<p class=\"has-medium-font-size\"><strong>Un froid polaire, une \u00e9paisse couche de neige et un monstre \u00e0 abattre !<\/strong><\/p>\n\n\n\n<p>Cet arch\u00e9type poursuit l&rsquo;exploration du <strong>Cadre de Campagne d&rsquo;Alarian<\/strong> de <em>Black Book \u00c9ditions<\/em> au travers de certains concepts propos\u00e9s dans les lignes de cet ouvrage.<\/p>\n\n\n\n<p>Il rejoint donc la liste suivante :<\/p>\n\n\n\n<ul><li>La <a href=\"https:\/\/scribes-et-dragons.fr\/index.php\/2020\/11\/02\/premier-cadeau-de-bienvenue-aventuriers-dalarian\/\" data-type=\"URL\" data-id=\"https:\/\/scribes-et-dragons.fr\/index.php\/2020\/11\/02\/premier-cadeau-de-bienvenue-aventuriers-dalarian\/\" target=\"_blank\" rel=\"noreferrer noopener\">Tradition monacale du <em>Lindo<\/em><\/a> ;<\/li><li>L&rsquo;arch\u00e9type martial des <em><a href=\"https:\/\/scribes-et-dragons.fr\/index.php\/2020\/11\/02\/premier-cadeau-de-bienvenue-aventuriers-dalarian\/\" data-type=\"URL\" data-id=\"https:\/\/scribes-et-dragons.fr\/index.php\/2020\/11\/02\/premier-cadeau-de-bienvenue-aventuriers-dalarian\/\" target=\"_blank\" rel=\"noreferrer noopener\">Libres-Forestiers du Gramlin<\/a><\/em> ;<\/li><li>Le serment sacr\u00e9 de <em><a href=\"https:\/\/scribes-et-dragons.fr\/index.php\/2020\/11\/09\/la-chasse-est-ouverte\/\" data-type=\"URL\" data-id=\"https:\/\/scribes-et-dragons.fr\/index.php\/2020\/11\/09\/la-chasse-est-ouverte\/\" target=\"_blank\" rel=\"noreferrer noopener\">l&rsquo;Ordre des Chevaliers de l&rsquo;Aube<\/a><\/em>.<\/li><\/ul>\n\n\n\n<p class=\"has-medium-font-size\"><strong>Quand Conan rencontre Davy Crockett<\/strong><\/p>\n\n\n\n<p>Tout comme pour les <em>Libres-Forestiers du Gramlin<\/em> qui, de prime abord, auraient plut\u00f4t tendance \u00e0 \u00eatre un arch\u00e9type de r\u00f4deur, j&rsquo;ai voulu \u00e9viter de faire un conclave et coller un peu plus \u00e0 l&rsquo;image des hommes rustres et sauvages du Norven en faisant des <em>Traqueurs blancs<\/em> une <strong>voie primitive pour la classe du barbare<\/strong>.<\/p>\n\n\n\n<p>Bien qu&rsquo;inspir\u00e9 de l&rsquo;univers d&rsquo;Alarian, vous pouvez tout \u00e0 fait l&rsquo;utiliser tel quel ou chercher \u00e0 l&rsquo;adapter pour qu&rsquo;il convienne \u00e0 votre propre univers de jeu.<\/p>\n\n\n\n<p>Si vous avez la place pour des barbares chasseurs de cr\u00e9atures monstrueuses dans des conditions climatiques difficiles, fa\u00eetes-vous plaisir !<\/p>\n\n\n\n<p>Ci-apr\u00e8s vous pourrez cliquer sur le lien pour t\u00e9l\u00e9charger le PDF de cet arch\u00e9type :<\/p>\n\n\n\n<div id=\"wp-block-themeisle-blocks-button-group-f55a5912\" class=\"wp-block-themeisle-blocks-button-group wp-block-buttons align-center\">\n<div id=\"wp-block-themeisle-blocks-button-ebe6564f\" class=\"wp-block-themeisle-blocks-button wp-block-button\"><a href=\"https:\/\/scribes-et-dragons.fr\/wp-content\/uploads\/2020\/09\/TraqueursBlancs.pdf\" target=\"_blank\" rel=\"noopener noreferrer\" class=\"wp-block-button__link\"><span>T\u00e9l\u00e9charger l&rsquo;arch\u00e9type en PDF<\/span><\/a><\/div>\n<\/div>\n\n\n\n<p>Bonne lecture !<\/p>\n\n\n\n<p class=\"has-text-align-right\">Quinn Jolinar<\/p>\n","protected":false},"excerpt":{"rendered":"<p>Publication initiale le 25 septembre 2020. Le suppl\u00e9ment suivant est un nouvel arch\u00e9type de classe pour le barbare. Il s&rsquo;inscrit dans le cadre du projet plus large Aventuriers d&rsquo;Alarian. Un froid polaire, une \u00e9paisse couche de neige et un monstre \u00e0 abattre ! Cet arch\u00e9type poursuit l&rsquo;exploration du Cadre de [&hellip;]<\/p>\n","protected":false},"author":1,"featured_media":0,"comment_status":"open","ping_status":"open","sticky":false,"template":"","format":"standard","meta":[],"categories":[9,7],"tags":[],"_links":{"self":[{"href":"https:\/\/scribes-et-dragons.fr\/index.php\/wp-json\/wp\/v2\/posts\/264"}],"collection":[{"href":"https:\/\/scribes-et-dragons.fr\/index.php\/wp-json\/wp\/v2\/posts"}],"about":[{"href":"https:\/\/scribes-et-dragons.fr\/index.php\/wp-json\/wp\/v2\/types\/post"}],"author":[{"embeddable":true,"href":"https:\/\/scribes-et-dragons.fr\/index.php\/wp-json\/wp\/v2\/users\/1"}],"replies":[{"embeddable":true,"href":"https:\/\/scribes-et-dragons.fr\/index.php\/wp-json\/wp\/v2\/comments?post=264"}],"version-history":[{"count":5,"href":"https:\/\/scribes-et-dragons.fr\/index.php\/wp-json\/wp\/v2\/posts\/264\/revisions"}],"predecessor-version":[{"id":524,"href":"https:\/\/scribes-et-dragons.fr\/index.php\/wp-json\/wp\/v2\/posts\/264\/revisions\/524"}],"wp:attachment":[{"href":"https:\/\/scribes-et-dragons.fr\/index.php\/wp-json\/wp\/v2\/media?parent=264"}],"wp:term":[{"taxonomy":"category","embeddable":true,"href":"https:\/\/scribes-et-dragons.fr\/index.php\/wp-json\/wp\/v2\/categories?post=264"},{"taxonomy":"post_tag","embeddable":true,"href":"https:\/\/scribes-et-dragons.fr\/index.php\/wp-json\/wp\/v2\/tags?post=264"}],"curies":[{"name":"wp","href":"https:\/\/api.w.org\/{rel}","templated":true}]}}